{"id":289,"date":"2024-11-26T15:38:01","date_gmt":"2024-11-26T15:38:01","guid":{"rendered":"https:\/\/cedicentre.org\/?p=289"},"modified":"2024-11-26T15:51:07","modified_gmt":"2024-11-26T15:51:07","slug":"mbremja-gala-bashke-kunder-dhunes","status":"publish","type":"post","link":"https:\/\/cedicentre.org\/?p=289","title":{"rendered":"Mbr\u00ebmja Gala Bashk\u00eb Kund\u00ebr Dhun\u00ebs"},"content":{"rendered":"<p>[et_pb_section fb_built=&#8221;1&#8243; _builder_version=&#8221;4.16&#8243; global_colors_info=&#8221;{}&#8221;][et_pb_row _builder_version=&#8221;4.16&#8243; background_size=&#8221;initial&#8221; background_position=&#8221;top_left&#8221; background_repeat=&#8221;repeat&#8221; global_colors_info=&#8221;{}&#8221;][et_pb_column type=&#8221;4_4&#8243; _builder_version=&#8221;4.16&#8243; custom_padding=&#8221;|||&#8221; global_colors_info=&#8221;{}&#8221; custom_padding__hover=&#8221;|||&#8221;][et_pb_text _builder_version=&#8221;4.16&#8243; background_size=&#8221;initial&#8221; background_position=&#8221;top_left&#8221; background_repeat=&#8221;repeat&#8221; global_colors_info=&#8221;{}&#8221;]<!-- divi:paragraph --><\/p>\n<p>Qendra CEDI si organizat\u00eb, q\u00eb kontribuon n\u00eb mbrojtjen e t\u00eb drejtave t\u00eb njeriut po organizon Mbr\u00ebmjen Gala &#8220;Bashk\u00eb Kund\u00ebr Dhun\u00ebs&#8221;, p\u00ebr t`i ardhur n\u00eb ndihm\u00eb streh\u00ebzave, q\u00eb akomodojn\u00eb gra dhe vajza t\u00eb dhunuara e trafikuara.<\/p>\n<p>P\u00ebr k\u00ebt\u00eb q\u00ebllim, po vendosim dispozicion disa m\u00ebnyra p\u00ebr t\u00eb mb\u00ebshtetur kauz\u00ebn:<\/p>\n<p>&nbsp;<\/p>\n<p><!-- \/divi:paragraph --><!-- divi:paragraph --><!-- \/divi:paragraph --><!-- divi:list --><\/p>\n<ul class=\"wp-block-list\"><!-- divi:list-item --><\/p>\n<li>Blini nj\u00eb bilet\u00eb p\u00ebr t\u00eb marr\u00eb pjes\u00eb n\u00eb Gala &#8211; 7,000 lek\u00eb<\/li>\n<p><!-- \/divi:list-item --> <!-- divi:list-item --><\/p>\n<li>B\u00ebni nj\u00eb donacion solidariteti &#8211; 4,000 lek\u00eb.<\/li>\n<p><!-- \/divi:list-item --><\/ul>\n<p>Ky event organizohet gjat\u00eb fushat\u00ebs globale &#8220;16 Dit\u00ebt e Aktivizmit Kund\u00ebr Dhun\u00ebs me Baz\u00eb Gjinore&#8221;.<br \/>P\u00ebr t\u00eb bler\u00eb nj\u00eb bilet\u00eb ose b\u00ebr\u00eb donacion kliko k\u00ebtu<\/p>\n<p><!-- \/divi:list --><!-- divi:paragraph --><!-- \/divi:paragraph --><!-- divi:paragraph --><!-- \/divi:paragraph --><\/p>\n<ul class=\"wp-block-list\"><!-- \/divi:list-item --><\/ul>\n<p><!-- \/divi:list --><\/p>\n<p>&nbsp;<\/p>\n<p><!-- divi:file {\"id\":290,\"href\":\"https:\/\/cedicentre.org\/wp-content\/uploads\/2024\/11\/TE-DHENAT-BANKARE_GALA_CEDI.pdf\",\"displayPreview\":true} --><\/p>\n<div class=\"wp-block-file\"><object class=\"wp-block-file__embed\" data=\"https:\/\/cedicentre.org\/wp-content\/uploads\/2024\/11\/TE-DHENAT-BANKARE_GALA_CEDI.pdf\" type=\"application\/pdf\" style=\"width: 100%; height: 600px;\" aria-label=\"T\u00cb DH\u00cbNAT BANKARE_GALA_CEDI\"><\/object><a id=\"wp-block-file--media-d1baf652-3d0b-4fec-aa0e-a23203dc4dac\" href=\"https:\/\/cedicentre.org\/wp-content\/uploads\/2024\/11\/TE-DHENAT-BANKARE_GALA_CEDI.pdf\">T\u00cb DH\u00cbNAT BANKARE_GALA_CEDI<\/a><a href=\"https:\/\/cedicentre.org\/wp-content\/uploads\/2024\/11\/TE-DHENAT-BANKARE_GALA_CEDI.pdf\" class=\"wp-block-file__button wp-element-button\" download=\"\" aria-describedby=\"wp-block-file--media-d1baf652-3d0b-4fec-aa0e-a23203dc4dac\">Download<\/a><\/div>\n<p>&nbsp;<\/p>\n<p>&nbsp;<\/p>\n<p>&nbsp;<\/p>\n<p>&nbsp;<\/p>\n<p>&nbsp;<\/p>\n<p>&nbsp;<\/p>\n<p>&nbsp;<\/p>\n<p>&nbsp;<\/p>\n<p>&nbsp;<\/p>\n<p><!-- \/divi:file -->[\/et_pb_text][\/et_pb_column][\/et_pb_row][\/et_pb_section]<\/p>\n","protected":false},"excerpt":{"rendered":"<p>Qendra CEDI si organizat\u00eb, q\u00eb kontribuon n\u00eb mbrojtjen e t\u00eb drejtave t\u00eb njeriut po organizon Mbr\u00ebmjen Gala &#8220;Bashk\u00eb Kund\u00ebr Dhun\u00ebs&#8221;, p\u00ebr t`i ardhur n\u00eb ndihm\u00eb streh\u00ebzave, q\u00eb akomodojn\u00eb gra dhe vajza t\u00eb dhunuara e trafikuara. P\u00ebr k\u00ebt\u00eb q\u00ebllim, po vendosim dispozicion disa m\u00ebnyra p\u00ebr t\u00eb mb\u00ebshtetur kauz\u00ebn: &nbsp; Blini nj\u00eb bilet\u00eb p\u00ebr t\u00eb marr\u00eb pjes\u00eb [&hellip;]<\/p>\n","protected":false},"author":2,"featured_media":234,"comment_status":"open","ping_status":"open","sticky":false,"template":"","format":"standard","meta":{"_et_pb_use_builder":"on","_et_pb_old_content":"<!-- wp:paragraph -->\n<p>Qendra CEDI si organizat\u00eb, q\u00eb kontribuon n\u00eb mbrojtjen e t\u00eb drejtave t\u00eb njeriut po organizon Mbr\u00ebmjen Gala \"Bashk\u00eb Kund\u00ebr Dhun\u00ebs\", p\u00ebr t`i ardhur n\u00eb ndihm\u00eb streh\u00ebzave, q\u00eb akomodojn\u00eb gra dhe vajza t\u00eb dhunuara e trafikuara. <\/p>\n<!-- \/wp:paragraph -->\n\n<!-- wp:paragraph -->\n<p>P\u00ebr k\u00ebt\u00eb q\u00ebllim, po vendosim dispozicion disa m\u00ebnyra p\u00ebr t\u00eb mb\u00ebshtetur kauz\u00ebn: <\/p>\n<!-- \/wp:paragraph -->\n\n<!-- wp:list -->\n<ul class=\"wp-block-list\"><!-- wp:list-item -->\n<li>Blini nj\u00eb bilet\u00eb p\u00ebr t\u00eb marr\u00eb pjes\u00eb n\u00eb Gala - 7,000 lek\u00eb<\/li>\n<!-- \/wp:list-item -->\n\n<!-- wp:list-item -->\n<li>B\u00ebni nj\u00eb donacion solidariteti - 4,000 lek\u00eb. <\/li>\n<!-- \/wp:list-item --><\/ul>\n<!-- \/wp:list -->\n\n<!-- wp:paragraph -->\n<p>Ky event organizohet gjat\u00eb fushat\u00ebs globale \"16 Dit\u00ebt e Aktivizmit Kund\u00ebr Dhun\u00ebs me Baz\u00eb Gjinore\". <\/p>\n<!-- \/wp:paragraph -->\n\n<!-- wp:paragraph -->\n<p>P\u00ebr t\u00eb bler\u00eb nj\u00eb bilet\u00eb ose b\u00ebr\u00eb donacion kliko k\u00ebtu<\/p>\n<!-- \/wp:paragraph -->\n\n<!-- wp:list -->\n<ul class=\"wp-block-list\"><!-- wp:list-item -->\n<li><\/li>\n<!-- \/wp:list-item --><\/ul>\n<!-- \/wp:list -->\n\n<!-- wp:file {\"id\":290,\"href\":\"https:\/\/cedicentre.org\/wp-content\/uploads\/2024\/11\/TE-DHENAT-BANKARE_GALA_CEDI.pdf\",\"displayPreview\":true} -->\n<div class=\"wp-block-file\"><object class=\"wp-block-file__embed\" data=\"https:\/\/cedicentre.org\/wp-content\/uploads\/2024\/11\/TE-DHENAT-BANKARE_GALA_CEDI.pdf\" type=\"application\/pdf\" style=\"width:100%;height:600px\" aria-label=\"T\u00cb DH\u00cbNAT BANKARE_GALA_CEDI\"><\/object><a id=\"wp-block-file--media-d1baf652-3d0b-4fec-aa0e-a23203dc4dac\" href=\"https:\/\/cedicentre.org\/wp-content\/uploads\/2024\/11\/TE-DHENAT-BANKARE_GALA_CEDI.pdf\">T\u00cb DH\u00cbNAT BANKARE_GALA_CEDI<\/a><a href=\"https:\/\/cedicentre.org\/wp-content\/uploads\/2024\/11\/TE-DHENAT-BANKARE_GALA_CEDI.pdf\" class=\"wp-block-file__button wp-element-button\" download aria-describedby=\"wp-block-file--media-d1baf652-3d0b-4fec-aa0e-a23203dc4dac\">Download<\/a><\/div>\n<!-- \/wp:file -->","_et_gb_content_width":"","footnotes":""},"categories":[7],"tags":[],"dipi_cpt_category":[],"class_list":["post-289","post","type-post","status-publish","format-standard","has-post-thumbnail","hentry","category-news-post"],"_links":{"self":[{"href":"https:\/\/cedicentre.org\/index.php?rest_route=\/wp\/v2\/posts\/289","targetHints":{"allow":["GET"]}}],"collection":[{"href":"https:\/\/cedicentre.org\/index.php?rest_route=\/wp\/v2\/posts"}],"about":[{"href":"https:\/\/cedicentre.org\/index.php?rest_route=\/wp\/v2\/types\/post"}],"author":[{"embeddable":true,"href":"https:\/\/cedicentre.org\/index.php?rest_route=\/wp\/v2\/users\/2"}],"replies":[{"embeddable":true,"href":"https:\/\/cedicentre.org\/index.php?rest_route=%2Fwp%2Fv2%2Fcomments&post=289"}],"version-history":[{"count":4,"href":"https:\/\/cedicentre.org\/index.php?rest_route=\/wp\/v2\/posts\/289\/revisions"}],"predecessor-version":[{"id":298,"href":"https:\/\/cedicentre.org\/index.php?rest_route=\/wp\/v2\/posts\/289\/revisions\/298"}],"wp:featuredmedia":[{"embeddable":true,"href":"https:\/\/cedicentre.org\/index.php?rest_route=\/wp\/v2\/media\/234"}],"wp:attachment":[{"href":"https:\/\/cedicentre.org\/index.php?rest_route=%2Fwp%2Fv2%2Fmedia&parent=289"}],"wp:term":[{"taxonomy":"category","embeddable":true,"href":"https:\/\/cedicentre.org\/index.php?rest_route=%2Fwp%2Fv2%2Fcategories&post=289"},{"taxonomy":"post_tag","embeddable":true,"href":"https:\/\/cedicentre.org\/index.php?rest_route=%2Fwp%2Fv2%2Ftags&post=289"},{"taxonomy":"dipi_cpt_category","embeddable":true,"href":"https:\/\/cedicentre.org\/index.php?rest_route=%2Fwp%2Fv2%2Fdipi_cpt_category&post=289"}],"curies":[{"name":"wp","href":"https:\/\/api.w.org\/{rel}","templated":true}]}}