{"id":313,"date":"2024-12-19T14:16:15","date_gmt":"2024-12-19T14:16:15","guid":{"rendered":"https:\/\/cedicentre.org\/?p=313"},"modified":"2024-12-19T14:45:17","modified_gmt":"2024-12-19T14:45:17","slug":"ti-je-e-ardhmja-njohim-dhe-promovojme-tedrejtat-themelore","status":"publish","type":"post","link":"https:\/\/cedicentre.org\/?p=313","title":{"rendered":"\u201cTi je e ardhmja: njohim dhe promovojm\u00eb t\u00ebdrejtat themelore!\u201d,"},"content":{"rendered":"\n[et_pb_section fb_built=&#8221;1&#8243; theme_builder_area=&#8221;post_content&#8221; _builder_version=&#8221;4.24.0&#8243; _module_preset=&#8221;default&#8221;][et_pb_row _builder_version=&#8221;4.24.0&#8243; _module_preset=&#8221;default&#8221; theme_builder_area=&#8221;post_content&#8221;][et_pb_column _builder_version=&#8221;4.24.0&#8243; _module_preset=&#8221;default&#8221; type=&#8221;4_4&#8243; theme_builder_area=&#8221;post_content&#8221;][et_pb_text _builder_version=&#8221;4.24.0&#8243; _module_preset=&#8221;default&#8221; theme_builder_area=&#8221;post_content&#8221; hover_enabled=&#8221;0&#8243; sticky_enabled=&#8221;0&#8243;]<p><span style=\"font-weight: 400;\">\ud83d\udd0d<\/span><span style=\"font-weight: 400;\"> Kemi qen\u00eb n\u00eb P\u00ebrmet, ku n\u00eb kuader t\u00eb projektit \u201cTi je e ardhmja: njohim dhe promovojm\u00eb t\u00eb drejtat themelore!\u201d, me mb\u00ebshtetjen e Agjencis\u00eb p\u00ebr Mb\u00ebshtetjen e Shoq\u00ebris\u00eb Civile, kemi zhvilluar trajnimin e trajner\u00ebve me t\u00eb rinjt\u00eb e\u00a0 P\u00ebrmetit dhe K\u00ebshillat Vendor Rinore.\u00a0<\/span><\/p>\n<p><span style=\"font-weight: 400;\">\ud83d\udc69\ud83c\udffc<\/span><span style=\"font-weight: 400;\">\u200d<\/span><span style=\"font-weight: 400;\">\ud83d\udcbb<\/span><span style=\"font-weight: 400;\">Trajnimet p\u00ebr fuqizimin e t\u00eb rinjve t\u00eb Bashkis\u00eb P\u00ebrmet jan\u00eb fokusuar tek\u00a0 \u201cT\u00eb drejtat themelore t\u00eb parat: V\u00ebshtrim i p\u00ebrgjithsh\u00ebm e drejta p\u00ebr informimit dhe liria e shprehjes\u201d dhe \u201cPjes\u00ebmarrja n\u00eb vendimmarrje\u201d.\u00a0<\/span><\/p>\n<p><span style=\"font-weight: 400;\">Ky aktivitet u zhvillua n\u00eb kuad\u00ebr t\u00eb projektit &#8221; Ti je e ardhmja: njohim dhe promovojm\u00eb t\u00eb drejtat themelore!&#8221; me mb\u00ebshtetjen\u00a0 financiare t\u00eb AMSHC-s\u00eb.<\/span><\/p>[\/et_pb_text][et_pb_image src=&#8221;https:\/\/cedicentre.org\/wp-content\/uploads\/2024\/12\/permet-2.jpg&#8221; _builder_version=&#8221;4.24.0&#8243; _module_preset=&#8221;default&#8221; theme_builder_area=&#8221;post_content&#8221; hover_enabled=&#8221;0&#8243; sticky_enabled=&#8221;0&#8243; title_text=&#8221;permet 2&#8243;][\/et_pb_image][et_pb_text _builder_version=&#8221;4.24.0&#8243; _module_preset=&#8221;default&#8221; theme_builder_area=&#8221;post_content&#8221; hover_enabled=&#8221;0&#8243; sticky_enabled=&#8221;0&#8243; custom_margin=&#8221;78px|||||&#8221;]<p><span style=\"font-weight: 400;\">Gjirokastra ishte ndalesa e radh\u00ebs, e ekipit t\u00eb trajner\u00ebve t\u00eb Qendr\u00ebs Cedi, p\u00ebr t\u00eb zhvilluar trajjnimin dy ditor\u00eb t\u00eb trajner\u00ebve n\u00eb k\u00ebt\u00eb Bashki.\u00a0<\/span><\/p>\n<p><span style=\"font-weight: 400;\">\ud83d\udc69\ud83c\udffc<\/span><span style=\"font-weight: 400;\">\u200d<\/span><span style=\"font-weight: 400;\">\ud83d\udcbb<\/span><span style=\"font-weight: 400;\"> Temat e trajtuara n\u00eb k\u00ebt\u00eb trajnim ishin:\u00a0<\/span><\/p>\n<ul>\n<li style=\"font-weight: 400;\" aria-level=\"1\"><span style=\"font-weight: 400;\">V\u00ebshtrim i p\u00ebrgjithsh\u00ebm e drejta p\u00ebr informimit dhe liria e shprehjes\u201d\u00a0<\/span><\/li>\n<li style=\"font-weight: 400;\" aria-level=\"1\"><span style=\"font-weight: 400;\">\u00a0\u201cPjes\u00ebmarrja n\u00eb vendimmarrje\u201d<\/span><\/li>\n<\/ul>\n<p><span style=\"font-weight: 400;\">N\u00eb fund t\u00eb trajnimit pjes\u00ebmarr\u00ebsit p\u00ebrvet\u00ebsuan njohurit\u00eb e marra n\u00ebpvrmjet pun\u00ebs n\u00eb grupe<\/span><\/p>\n<p><span style=\"font-size: 14px;\">Ky aktivitet u zhvillua n\u00eb kuad\u00ebr t\u00eb projektit &#8221; Ti je e ardhmja: njohim dhe promovojm\u00eb t\u00eb drejtat themelore!&#8221; me mb\u00ebshtetjen\u00a0 financiare t\u00eb AMSHC-s\u00eb.<\/span><\/p>[\/et_pb_text][et_pb_image src=&#8221;https:\/\/cedicentre.org\/wp-content\/uploads\/2024\/12\/Gjirokaster.jpg&#8221; _builder_version=&#8221;4.24.0&#8243; _module_preset=&#8221;default&#8221; theme_builder_area=&#8221;post_content&#8221; hover_enabled=&#8221;0&#8243; sticky_enabled=&#8221;0&#8243; title_text=&#8221;Gjirokaster&#8221;][\/et_pb_image][\/et_pb_column][\/et_pb_row][\/et_pb_section]\n","protected":false},"excerpt":{"rendered":"<p>\ud83d\udd0d Kemi qen\u00eb n\u00eb P\u00ebrmet, ku n\u00eb kuader t\u00eb projektit \u201cTi je e ardhmja: njohim dhe promovojm\u00eb t\u00eb drejtat themelore!\u201d, me mb\u00ebshtetjen e Agjencis\u00eb p\u00ebr Mb\u00ebshtetjen e Shoq\u00ebris\u00eb Civile, kemi zhvilluar trajnimin e trajner\u00ebve me t\u00eb rinjt\u00eb e\u00a0 P\u00ebrmetit dhe K\u00ebshillat Vendor Rinore.\u00a0 \ud83d\udc69\ud83c\udffc\u200d\ud83d\udcbbTrajnimet p\u00ebr fuqizimin e t\u00eb rinjve t\u00eb Bashkis\u00eb P\u00ebrmet jan\u00eb fokusuar tek\u00a0 [&hellip;]<\/p>\n","protected":false},"author":1,"featured_media":326,"comment_status":"open","ping_status":"open","sticky":false,"template":"","format":"standard","meta":{"_et_pb_use_builder":"on","_et_pb_old_content":"","_et_gb_content_width":"","footnotes":""},"categories":[1],"tags":[],"dipi_cpt_category":[],"class_list":["post-313","post","type-post","status-publish","format-standard","has-post-thumbnail","hentry","category-uncategorized"],"_links":{"self":[{"href":"https:\/\/cedicentre.org\/index.php?rest_route=\/wp\/v2\/posts\/313","targetHints":{"allow":["GET"]}}],"collection":[{"href":"https:\/\/cedicentre.org\/index.php?rest_route=\/wp\/v2\/posts"}],"about":[{"href":"https:\/\/cedicentre.org\/index.php?rest_route=\/wp\/v2\/types\/post"}],"author":[{"embeddable":true,"href":"https:\/\/cedicentre.org\/index.php?rest_route=\/wp\/v2\/users\/1"}],"replies":[{"embeddable":true,"href":"https:\/\/cedicentre.org\/index.php?rest_route=%2Fwp%2Fv2%2Fcomments&post=313"}],"version-history":[{"count":3,"href":"https:\/\/cedicentre.org\/index.php?rest_route=\/wp\/v2\/posts\/313\/revisions"}],"predecessor-version":[{"id":327,"href":"https:\/\/cedicentre.org\/index.php?rest_route=\/wp\/v2\/posts\/313\/revisions\/327"}],"wp:featuredmedia":[{"embeddable":true,"href":"https:\/\/cedicentre.org\/index.php?rest_route=\/wp\/v2\/media\/326"}],"wp:attachment":[{"href":"https:\/\/cedicentre.org\/index.php?rest_route=%2Fwp%2Fv2%2Fmedia&parent=313"}],"wp:term":[{"taxonomy":"category","embeddable":true,"href":"https:\/\/cedicentre.org\/index.php?rest_route=%2Fwp%2Fv2%2Fcategories&post=313"},{"taxonomy":"post_tag","embeddable":true,"href":"https:\/\/cedicentre.org\/index.php?rest_route=%2Fwp%2Fv2%2Ftags&post=313"},{"taxonomy":"dipi_cpt_category","embeddable":true,"href":"https:\/\/cedicentre.org\/index.php?rest_route=%2Fwp%2Fv2%2Fdipi_cpt_category&post=313"}],"curies":[{"name":"wp","href":"https:\/\/api.w.org\/{rel}","templated":true}]}}